[{"@context":"https:\/\/schema.org\/","@type":"Article","@id":"https:\/\/www.saneko.cz\/aby-vase-stehovani-v-praze-probehlo-v-poklidu\/#Article","mainEntityOfPage":"https:\/\/www.saneko.cz\/aby-vase-stehovani-v-praze-probehlo-v-poklidu\/","headline":"Aby va\u0161e st\u011bhov\u00e1n\u00ed v Praze prob\u011bhlo v poklidu","name":"Aby va\u0161e st\u011bhov\u00e1n\u00ed v Praze prob\u011bhlo v poklidu","description":"St\u011bhov\u00e1n\u00ed v Praze p\u0159edstavuje pom\u011brn\u011b necitliv\u00fd z\u00e1sah do soukrom\u00ed a zab\u011bhnut\u00fdch zvyklost\u00ed. Jak jeho pr\u016fb\u011bh zm\u00edrnit, abychom jej nepro\u017e\u00edvali tak dramaticky? Parkov\u00e1n\u00ed \u2013 t\u00edm mus\u00edte bezpodm\u00edne\u010dn\u011b za\u010d\u00edt. Zapamatujte si, jakmile budete zn\u00e1t p\u0159esn\u00fd term\u00edn st\u011bhov\u00e1n\u00ed a objedn\u00e1te si na tento den st\u011bhov\u00e1ky, mus\u00edte doj\u00edt osobn\u011b na odbor dopravy p\u0159\u00edslu\u0161n\u00e9ho m\u011bstsk\u00e9ho \u00fa\u0159adu pro v\u00e1\u0161 pra\u017esk\u00fd obvod&hellip;","datePublished":"2023-01-10","dateModified":"2023-01-10","author":{"@type":"Person","@id":"https:\/\/www.saneko.cz\/author\/#Person","name":"","url":"https:\/\/www.saneko.cz\/author\/","identifier":1,"image":{"@type":"ImageObject","@id":"https:\/\/secure.gravatar.com\/avatar\/a414941ff2b86a79f1a70a433f21d60df00047fefe742a46b6fded139881a475?s=96&d=mm&r=g","url":"https:\/\/secure.gravatar.com\/avatar\/a414941ff2b86a79f1a70a433f21d60df00047fefe742a46b6fded139881a475?s=96&d=mm&r=g","height":96,"width":96}},"publisher":{"@type":"Organization","name":"saneko.cz","logo":{"@type":"ImageObject","@id":"\/logo.png","url":"\/logo.png","width":600,"height":60}},"image":{"@type":"ImageObject","@id":"https:\/\/www.saneko.cz\/wp-content\/uploads\/box-1536798_640_3.png","url":"https:\/\/www.saneko.cz\/wp-content\/uploads\/box-1536798_640_3.png","height":0,"width":0},"url":"https:\/\/www.saneko.cz\/aby-vase-stehovani-v-praze-probehlo-v-poklidu\/","wordCount":410,"articleBody":"      St\u011bhov\u00e1n\u00ed v Praze p\u0159edstavuje pom\u011brn\u011b necitliv\u00fd z\u00e1sah do soukrom\u00ed a zab\u011bhnut\u00fdch zvyklost\u00ed. Jak jeho pr\u016fb\u011bh zm\u00edrnit, abychom jej nepro\u017e\u00edvali tak dramaticky?Parkov\u00e1n\u00ed \u2013 t\u00edm mus\u00edte bezpodm\u00edne\u010dn\u011b za\u010d\u00edt. Zapamatujte si, jakmile budete zn\u00e1t p\u0159esn\u00fd term\u00edn st\u011bhov\u00e1n\u00ed a objedn\u00e1te si na tento den st\u011bhov\u00e1ky, mus\u00edte doj\u00edt osobn\u011b na odbor dopravy p\u0159\u00edslu\u0161n\u00e9ho m\u011bstsk\u00e9ho \u00fa\u0159adu pro v\u00e1\u0161 pra\u017esk\u00fd obvod a po\u017e\u00e1dat o v\u00fdjimku \u2013 o parkov\u00e1n\u00ed st\u011bhovac\u00edho vozu. Mus\u00edte to v\u0161ak prov\u00e9st v term\u00ednu nejm\u00e9n\u011b 30 dn\u016f p\u0159ed samotn\u00fdm st\u011bhov\u00e1n\u00edm, co\u017e je lh\u016fta, kterou maj\u00ed \u00fa\u0159edn\u00edci pro vy\u0159\u00edzen\u00ed va\u0161eho po\u017eadavku.Krabice a balic\u00ed materi\u00e1l \u2013 sh\u00e1n\u011bt pr\u00e1zdn\u00e9 krabice od potravin v hypermarketech m\u016f\u017ee b\u00fdt zdlouhav\u00e9 a otravn\u00e9. Mnohem lep\u0161\u00ed je po\u017e\u00e1dat st\u011bhov\u00e1ky o pron\u00e1jem krabic. A mo\u017en\u00e1, \u017ee budou m\u00edt k dispozici i bublinkovou f\u00f3lii, do kter\u00e9 zabal\u00edte v podstat\u011b cokoli, od porcel\u00e1nu p\u0159es hra\u010dky a\u017e po sv\u00edtidla. Krom\u011b bublinkov\u00e9 f\u00f3lie nezapom\u00ednejte ani na lepic\u00ed p\u00e1sky a na lihov\u00e9 zna\u010dkovac\u00ed fixy, jimi\u017e si ka\u017edou krabici pop\u00ed\u0161ete \u2013 ozna\u010d\u00edte.V\u00fdb\u011br vhodn\u00e9ho term\u00ednu \u2013 na n\u011bm velmi z\u00e1le\u017e\u00ed zejm\u00e9na ve velk\u00fdch m\u011bstech, a v Praze obzvl\u00e1\u0161\u0165. Nejhor\u0161\u00ed dny b\u00fdvaj\u00ed pond\u011bl\u00ed a \u00fater\u00fd, v t\u00e9 dob\u011b b\u00fdvaj\u00ed lid\u00e9 nerv\u00f3zn\u00ed a napjat\u00ed a je p\u0159ed nimi cel\u00fd pracovn\u00ed t\u00fdden. Zkuste to rad\u011bji ve \u010dtvrtek, kdy se lid\u00e9 t\u011b\u0161\u00ed ji\u017e na voln\u00fd v\u00edkend. St\u011bhov\u00e1n\u00ed o v\u00edkendu je tak\u00e9 celkem rozumn\u00e9, ale m\u00e1te zas m\u00e1lo \u010dasu na vybalov\u00e1n\u00ed v\u011bc\u00ed. Kdy\u017e si vezmete ve \u010dtvrtek a v p\u00e1tek volno, za \u010dty\u0159i dny se toho (v\u010detn\u011b v\u00edkendu) d\u00e1 stihnout mnoho.Cestovn\u00ed zavazadlo na dva dny \u2013 p\u0159ichystejte si mimo kartonov\u00e9 krabice zavazadlo, nejl\u00e9pe velkou sportovn\u00ed ta\u0161ku, kam si vyskl\u00e1d\u00e1te v\u011bci pot\u0159ebn\u00e9 na st\u011bhovac\u00ed den a den pot\u00e9. Budou tam hygienick\u00e9 pot\u0159eby, py\u017eamo, oble\u010den\u00ed a boty na p\u0159evle\u010den\u00ed a tak\u00e9 vhodn\u00e9 potraviny k sva\u010din\u011b. Nezapom\u00ednejte ani na dostatek tekutin, na pap\u00edrov\u00e9 kapesn\u00edky a na toaletn\u00ed pap\u00edr.                                                                                                                                                                                                                                                                                                                                                                                                  "},{"@context":"https:\/\/schema.org\/","@type":"BreadcrumbList","itemListElement":[{"@type":"ListItem","position":1,"name":"Aby va\u0161e st\u011bhov\u00e1n\u00ed v Praze prob\u011bhlo v poklidu","item":"https:\/\/www.saneko.cz\/aby-vase-stehovani-v-praze-probehlo-v-poklidu\/#breadcrumbitem"}]}]