[{"@context":"https:\/\/schema.org\/","@type":"Article","@id":"https:\/\/www.saneko.cz\/asistent-pedagoga-podradny-a-dulezity\/#Article","mainEntityOfPage":"https:\/\/www.saneko.cz\/asistent-pedagoga-podradny-a-dulezity\/","headline":"Asistent pedagoga \u2013 pod\u0159adn\u00fd a d\u016fle\u017eit\u00fd","name":"Asistent pedagoga \u2013 pod\u0159adn\u00fd a d\u016fle\u017eit\u00fd","description":"V\u00a0r\u00e1mci inkluze jsou mezi zdrav\u00e9 \u017e\u00e1ky za\u010dlen\u011bni i jedinci se speci\u00e1ln\u00edmi vzd\u011bl\u00e1vac\u00edmi po\u017eadavky. T\u011bm jsou k\u00a0dispozici asistenti pedagoga, kte\u0159\u00ed pom\u00e1haj\u00ed \u017e\u00e1k\u016fm se zv\u00fd\u0161enou m\u00edrou podpory ve vzd\u011bl\u00e1v\u00e1n\u00ed. Asistenti pedagogiky nepot\u0159ebuj\u00ed pedagogick\u00e9 vzd\u011bl\u00e1n\u00ed. Mohou m\u00edt vysokou \u0161kolu, ale tak\u00e9 jen z\u00e1kladn\u00ed vzd\u011bl\u00e1n\u00ed. V\u00a0sou\u010dasnosti je nutn\u00e9 absolvovat 120hodinov\u00fd kurz, b\u011bhem kter\u00e9ho z\u00edskaj\u00ed teoretick\u00e9 i praktick\u00e9 znalosti. Kdo&hellip;","datePublished":"2019-03-25","dateModified":"2019-03-25","author":{"@type":"Person","@id":"https:\/\/www.saneko.cz\/author\/#Person","name":"","url":"https:\/\/www.saneko.cz\/author\/","identifier":1,"image":{"@type":"ImageObject","@id":"https:\/\/secure.gravatar.com\/avatar\/a414941ff2b86a79f1a70a433f21d60df00047fefe742a46b6fded139881a475?s=96&d=mm&r=g","url":"https:\/\/secure.gravatar.com\/avatar\/a414941ff2b86a79f1a70a433f21d60df00047fefe742a46b6fded139881a475?s=96&d=mm&r=g","height":96,"width":96}},"publisher":{"@type":"Organization","name":"saneko.cz","logo":{"@type":"ImageObject","@id":"\/logo.png","url":"\/logo.png","width":600,"height":60}},"image":{"@type":"ImageObject","@id":"https:\/\/www.saneko.cz\/wp-content\/uploads\/img_a339858_w2744_t1552928006.jpg","url":"https:\/\/www.saneko.cz\/wp-content\/uploads\/img_a339858_w2744_t1552928006.jpg","height":0,"width":0},"url":"https:\/\/www.saneko.cz\/asistent-pedagoga-podradny-a-dulezity\/","wordCount":406,"articleBody":"\tV\u00a0r\u00e1mci inkluze jsou mezi zdrav\u00e9 \u017e\u00e1ky za\u010dlen\u011bni i jedinci se speci\u00e1ln\u00edmi vzd\u011bl\u00e1vac\u00edmi po\u017eadavky. T\u011bm jsou k\u00a0dispozici asistenti pedagoga, kte\u0159\u00ed pom\u00e1haj\u00ed \u017e\u00e1k\u016fm se zv\u00fd\u0161enou m\u00edrou podpory ve vzd\u011bl\u00e1v\u00e1n\u00ed. Asistenti pedagogiky nepot\u0159ebuj\u00ed pedagogick\u00e9 vzd\u011bl\u00e1n\u00ed. Mohou m\u00edt vysokou \u0161kolu, ale tak\u00e9 jen z\u00e1kladn\u00ed vzd\u011bl\u00e1n\u00ed. V\u00a0sou\u010dasnosti je nutn\u00e9 absolvovat 120hodinov\u00fd kurz, b\u011bhem kter\u00e9ho z\u00edskaj\u00ed teoretick\u00e9 i praktick\u00e9 znalosti.\tKdo je to vlastn\u011b \u017e\u00e1k se speci\u00e1ln\u00edmi vzd\u011bl\u00e1vac\u00edmi po\u017eadavky?\t\u00b7\u00a0\u00a0\u00a0\u00a0\u00a0\u00a0\u00a0\u00a0 Zdravotn\u011b posti\u017een\u00fd \u017e\u00e1k \u2013 ment\u00e1ln\u00ed, fyzick\u00e1 retardace, vady \u0159e\u010di, autismus, v\u00fdvojov\u00e9 poruchy\t\u00b7\u00a0\u00a0\u00a0\u00a0\u00a0\u00a0\u00a0\u00a0 Soci\u00e1ln\u011b znev\u00fdhodn\u011bn\u00fd \u017e\u00e1k \u2013 neznalost vyu\u010dovac\u00edho jazyka, nedostatek podpory ke vzd\u011bl\u00e1v\u00e1n\u00ed v\u00a0rodin\u011b\t\u00b7\u00a0\u00a0\u00a0\u00a0\u00a0\u00a0\u00a0\u00a0 Zdravotn\u011b znev\u00fdhodn\u011bn\u00fd \u017e\u00e1k \u2013 leh\u010d\u00ed zdravotn\u00ed poruchy, dlouhodob\u00e1 nemoc\u2026\tKa\u017ed\u00fd asistent pedagoga by m\u011bl rozum\u011bt sv\u00e9mu sv\u011b\u0159enci. Pokud nev\u00ed nic o diagn\u00f3ze d\u00edt\u011bte, nem\u016f\u017ee v\u011bd\u011bt, jak mu pomoci, a to se za\u010dle\u0148ov\u00e1n\u00edm mezi zdrav\u00e9 d\u011bti nepom\u016f\u017ee. Asistenti pedagoga by proto m\u011bli b\u00fdt vy\u0161koleni v\u00a0ka\u017ed\u00e9m p\u0159\u00edpad\u011b, kdy se setkaj\u00ed u d\u00edt\u011bte s\u00a0diagn\u00f3zou, kter\u00e1 jim nic ne\u0159\u00edk\u00e1. Nepochopen\u00e9 d\u00edt\u011b m\u016f\u017ee b\u00fdt frustrovan\u00e9 a chovat se nepat\u0159i\u010dn\u011b. N\u00e1pln\u00ed pr\u00e1ce asistenta pedagoga je pom\u00e1hat pedagog\u016fm \u0161koly p\u0159i vzd\u011bl\u00e1v\u00e1n\u00ed a v\u00fdchov\u011b, pom\u00e1hat \u017e\u00e1k\u016fm p\u0159izp\u016fsobit se \u0161koln\u00edmu prost\u0159ed\u00ed a p\u0159i samotn\u00e9 v\u00fduce. Pokud je to t\u0159eba, nap\u0159. u sv\u011b\u0159enc\u016f s\u00a0t\u011b\u017ek\u00fdm zdravotn\u00edm posti\u017een\u00fdm, pom\u00e1hat se sebeobsluhou.\tCo by asistent pedagoga m\u011bl um\u011bt?\t\u00b7\u00a0\u00a0\u00a0\u00a0\u00a0\u00a0\u00a0\u00a0 M\u011bl by b\u00fdt dostate\u010dn\u011b schopen komunikovat s\u00a0rodi\u010di d\u00edt\u011bte i s\u00a0u\u010ditelem\t\u00b7\u00a0\u00a0\u00a0\u00a0\u00a0\u00a0\u00a0\u00a0 Zn\u00e1t diagn\u00f3zu d\u00edt\u011bte a um\u011bt si s\u00a0n\u00ed poradit\t\u00b7\u00a0\u00a0\u00a0\u00a0\u00a0\u00a0\u00a0\u00a0 Asertivn\u011b jednat\t\u00b7\u00a0\u00a0\u00a0\u00a0\u00a0\u00a0\u00a0\u00a0 B\u00fdt trp\u011bliv\u00fd a laskav\u00fd, s\u00a0d\u00edt\u011btem jednat jako s\u00a0partnerem\t\u00b7\u00a0\u00a0\u00a0\u00a0\u00a0\u00a0\u00a0\u00a0 Sebevzd\u011bl\u00e1vat se\t\u00b7\u00a0\u00a0\u00a0\u00a0\u00a0\u00a0\u00a0\u00a0 V\u011bd\u011bt, pro\u010d tuto pr\u00e1ci d\u011bl\u00e1, jakou m\u00e1 motivaci\t\u00b7\u00a0\u00a0\u00a0\u00a0\u00a0\u00a0\u00a0\u00a0 M\u00edt z\u00e1kladn\u00ed znalosti v\u00fdvojov\u00e9 psychologie a pedagogiky\t\u00b7\u00a0\u00a0\u00a0\u00a0\u00a0\u00a0\u00a0\u00a0 Zn\u00e1t sv\u00e9 povinnosti i pr\u00e1va\tS\u00a0asistentem pedagoga se m\u016f\u017eeme setkat v\u00a0mate\u0159sk\u00e9 \u0161kolce, na z\u00e1kladn\u00ed \u0161kole, ale i na st\u0159edn\u00ed \u0161kole.                                                                                                                                                                                                                                                                                                                                                                                                "},{"@context":"https:\/\/schema.org\/","@type":"BreadcrumbList","itemListElement":[{"@type":"ListItem","position":1,"name":"Asistent pedagoga \u2013 pod\u0159adn\u00fd a d\u016fle\u017eit\u00fd","item":"https:\/\/www.saneko.cz\/asistent-pedagoga-podradny-a-dulezity\/#breadcrumbitem"}]}]