[{"@context":"https:\/\/schema.org\/","@type":"Article","@id":"https:\/\/www.saneko.cz\/mame-pro-vas-vyborne-nabidky\/#Article","mainEntityOfPage":"https:\/\/www.saneko.cz\/mame-pro-vas-vyborne-nabidky\/","headline":"M\u00e1me pro v\u00e1s v\u00fdborn\u00e9 nab\u00eddky","name":"M\u00e1me pro v\u00e1s v\u00fdborn\u00e9 nab\u00eddky","description":"\u010c\u00edm se vlastn\u011b zab\u00fdv\u00e1 na\u0161e spole\u010dnost? M\u00e1me pro v\u00e1s v\u00fdborn\u00e9 nab\u00eddky, pokud uva\u017eujete o koupi nov\u00fdch d\u0159ev\u011bn\u00fdch oken (kvalitn\u00ed eurookna), hlin\u00edkov\u00fdch oken, plastov\u00fdch oken, dve\u0159\u00ed, hlin\u00edkov\u00e9ho z\u00e1bradl\u00ed, hlin\u00edkov\u00e9 fas\u00e1dy \u010di zimn\u00ed zahrady. P\u0159em\u00fd\u0161l\u00edte o nov\u00fdch oknech a rozhodli jste se ji\u017e, \u017ee kvalitn\u00ed eurookna budou t\u00edm prav\u00fdm pro v\u00e1s a v\u00e1\u0161 d\u016fm? Gratulujeme v\u00e1m k&hellip;","datePublished":"2024-12-31","dateModified":"2024-12-31","author":{"@type":"Person","@id":"https:\/\/www.saneko.cz\/author\/#Person","name":"","url":"https:\/\/www.saneko.cz\/author\/","identifier":1,"image":{"@type":"ImageObject","@id":"https:\/\/secure.gravatar.com\/avatar\/a414941ff2b86a79f1a70a433f21d60df00047fefe742a46b6fded139881a475?s=96&d=mm&r=g","url":"https:\/\/secure.gravatar.com\/avatar\/a414941ff2b86a79f1a70a433f21d60df00047fefe742a46b6fded139881a475?s=96&d=mm&r=g","height":96,"width":96}},"publisher":{"@type":"Organization","name":"saneko.cz","logo":{"@type":"ImageObject","@id":"\/logo.png","url":"\/logo.png","width":600,"height":60}},"url":"https:\/\/www.saneko.cz\/mame-pro-vas-vyborne-nabidky\/","wordCount":181,"articleBody":"\u010c\u00edm se vlastn\u011b zab\u00fdv\u00e1 na\u0161e spole\u010dnost? M\u00e1me pro v\u00e1s v\u00fdborn\u00e9 nab\u00eddky, pokud uva\u017eujete o koupi nov\u00fdch d\u0159ev\u011bn\u00fdch oken (kvalitn\u00ed eurookna), hlin\u00edkov\u00fdch oken, plastov\u00fdch oken, dve\u0159\u00ed, hlin\u00edkov\u00e9ho z\u00e1bradl\u00ed, hlin\u00edkov\u00e9 fas\u00e1dy \u010di zimn\u00ed zahrady. P\u0159em\u00fd\u0161l\u00edte o nov\u00fdch oknech a rozhodli jste se ji\u017e, \u017ee kvalitn\u00ed eurookna budou t\u00edm prav\u00fdm pro v\u00e1s a v\u00e1\u0161 d\u016fm? Gratulujeme v\u00e1m k va\u0161\u00ed dobr\u00e9 volb\u011b. Na\u0161e d\u0159ev\u011bn\u00e1 okna jsou opravdu kvalitn\u00ed, nav\u00edc d\u0159evo p\u016fsob\u00ed velice p\u0159\u00edrodn\u011b, daleko p\u0159\u00edrodn\u011bji, ne\u017e plastov\u00e1 okna a to i p\u0159esto, \u017ee barevn\u00e9 folie na plastov\u00e1 okna vypadaj\u00ed velice v\u011brohodn\u011b. Pokud tedy vyb\u00edr\u00e1te nov\u00e1 kvalitn\u00ed eurookna, jist\u011b ji\u017e v\u00edte, \u017ee jejich v\u00fdb\u011br a koup\u011b nen\u00ed snadnou z\u00e1le\u017eitost\u00ed. Nab\u00edz\u00edme v\u00e1m tedy na\u0161e profesion\u00e1ln\u00ed slu\u017eby, na\u0161e profesion\u00e1ln\u00ed poradenstv\u00ed a v\u011b\u0159\u00edme, \u017ee spole\u010dn\u011b se rozhodneme pro ten nejlep\u0161\u00ed v\u00fdrobek.                                                                                                                                                                                                                                                                                                                                                                                                "},{"@context":"https:\/\/schema.org\/","@type":"BreadcrumbList","itemListElement":[{"@type":"ListItem","position":1,"name":"M\u00e1me pro v\u00e1s v\u00fdborn\u00e9 nab\u00eddky","item":"https:\/\/www.saneko.cz\/mame-pro-vas-vyborne-nabidky\/#breadcrumbitem"}]}]