[{"@context":"https:\/\/schema.org\/","@type":"Blog","@id":"https:\/\/www.saneko.cz#Blog","headline":"Saneko","description":"\nN\u00e1\u0161 web prov\u00e1z\u00ed jenom ta nejlep\u0161\u00ed pov\u011bst. A nen\u00ed na tom v\u016fbec nic divn\u00e9ho, proto\u017ee se dnes a denn\u011b sna\u017e\u00edme o to, aby tato z\u016fstala bez poskvrnky.","url":"https:\/\/www.saneko.cz","hasPart":[{"@type":"Article","@id":"https:\/\/www.saneko.cz\/nechcete-k-mori\/","headline":"Nechcete k mo\u0159i?","url":"https:\/\/www.saneko.cz\/nechcete-k-mori\/","datePublished":"2023-03-10","dateModified":"2023-05-18","mainEntityOfPage":"https:\/\/www.saneko.cz\/nechcete-k-mori\/","author":{"@type":"Person","@id":"https:\/\/www.saneko.cz\/author\/#Person","name":"","url":"https:\/\/www.saneko.cz\/author\/","identifier":1,"image":{"@type":"ImageObject","@id":"https:\/\/secure.gravatar.com\/avatar\/a414941ff2b86a79f1a70a433f21d60df00047fefe742a46b6fded139881a475?s=96&d=mm&r=g","url":"https:\/\/secure.gravatar.com\/avatar\/a414941ff2b86a79f1a70a433f21d60df00047fefe742a46b6fded139881a475?s=96&d=mm&r=g","height":96,"width":96}},"publisher":{"@type":"Organization","name":"saneko.cz","logo":{"@type":"ImageObject","@id":"\/logo.png","url":"\/logo.png","width":600,"height":60}},"image":{"@type":"ImageObject","@id":"https:\/\/www.saneko.cz\/wp-content\/uploads\/hotel-ga215be6ea_640.jpg","url":"https:\/\/www.saneko.cz\/wp-content\/uploads\/hotel-ga215be6ea_640.jpg","height":0,"width":0},"wordCount":571,"keywords":null},{"@type":"Article","@id":"https:\/\/www.saneko.cz\/taxikareni-vas-musi-bavit-za-kazdych-okolnosti\/","headline":"Taxika\u0159en\u00ed v\u00e1s mus\u00ed bavit za ka\u017ed\u00fdch okolnost\u00ed","url":"https:\/\/www.saneko.cz\/taxikareni-vas-musi-bavit-za-kazdych-okolnosti\/","datePublished":"2023-03-08","dateModified":"2024-03-11","mainEntityOfPage":"https:\/\/www.saneko.cz\/taxikareni-vas-musi-bavit-za-kazdych-okolnosti\/","author":{"@type":"Person","@id":"https:\/\/www.saneko.cz\/author\/#Person","name":"","url":"https:\/\/www.saneko.cz\/author\/","identifier":1,"image":{"@type":"ImageObject","@id":"https:\/\/secure.gravatar.com\/avatar\/a414941ff2b86a79f1a70a433f21d60df00047fefe742a46b6fded139881a475?s=96&d=mm&r=g","url":"https:\/\/secure.gravatar.com\/avatar\/a414941ff2b86a79f1a70a433f21d60df00047fefe742a46b6fded139881a475?s=96&d=mm&r=g","height":96,"width":96}},"publisher":{"@type":"Organization","name":"saneko.cz","logo":{"@type":"ImageObject","@id":"\/logo.png","url":"\/logo.png","width":600,"height":60}},"image":null,"wordCount":477,"keywords":null},{"@type":"Article","@id":"https:\/\/www.saneko.cz\/vase-finance-budou-v-bezpeci\/","headline":"Va\u0161e finance budou v bezpe\u010d\u00ed","url":"https:\/\/www.saneko.cz\/vase-finance-budou-v-bezpeci\/","datePublished":"2023-02-28","dateModified":"2023-10-26","mainEntityOfPage":"https:\/\/www.saneko.cz\/vase-finance-budou-v-bezpeci\/","author":{"@type":"Person","@id":"https:\/\/www.saneko.cz\/author\/#Person","name":"","url":"https:\/\/www.saneko.cz\/author\/","identifier":1,"image":{"@type":"ImageObject","@id":"https:\/\/secure.gravatar.com\/avatar\/a414941ff2b86a79f1a70a433f21d60df00047fefe742a46b6fded139881a475?s=96&d=mm&r=g","url":"https:\/\/secure.gravatar.com\/avatar\/a414941ff2b86a79f1a70a433f21d60df00047fefe742a46b6fded139881a475?s=96&d=mm&r=g","height":96,"width":96}},"publisher":{"@type":"Organization","name":"saneko.cz","logo":{"@type":"ImageObject","@id":"\/logo.png","url":"\/logo.png","width":600,"height":60}},"image":{"@type":"ImageObject","@id":"https:\/\/www.saneko.cz\/wp-content\/uploads\/dubrovnik-5214286_640_6.jpg","url":"https:\/\/www.saneko.cz\/wp-content\/uploads\/dubrovnik-5214286_640_6.jpg","height":0,"width":0},"wordCount":469,"keywords":null},{"@type":"Article","@id":"https:\/\/www.saneko.cz\/zamerte-se-pri-navrhu-bytoveho-interieru-na-svuj-vlastni-styl\/","headline":"Zam\u011b\u0159te se p\u0159i n\u00e1vrhu bytov\u00e9ho interi\u00e9ru na sv\u016fj vlastn\u00ed styl","url":"https:\/\/www.saneko.cz\/zamerte-se-pri-navrhu-bytoveho-interieru-na-svuj-vlastni-styl\/","datePublished":"2023-02-19","dateModified":"2023-04-24","mainEntityOfPage":"https:\/\/www.saneko.cz\/zamerte-se-pri-navrhu-bytoveho-interieru-na-svuj-vlastni-styl\/","author":{"@type":"Person","@id":"https:\/\/www.saneko.cz\/author\/#Person","name":"","url":"https:\/\/www.saneko.cz\/author\/","identifier":1,"image":{"@type":"ImageObject","@id":"https:\/\/secure.gravatar.com\/avatar\/a414941ff2b86a79f1a70a433f21d60df00047fefe742a46b6fded139881a475?s=96&d=mm&r=g","url":"https:\/\/secure.gravatar.com\/avatar\/a414941ff2b86a79f1a70a433f21d60df00047fefe742a46b6fded139881a475?s=96&d=mm&r=g","height":96,"width":96}},"publisher":{"@type":"Organization","name":"saneko.cz","logo":{"@type":"ImageObject","@id":"\/logo.png","url":"\/logo.png","width":600,"height":60}},"image":{"@type":"ImageObject","@id":"https:\/\/www.saneko.cz\/wp-content\/uploads\/kitchen-g9b3dabd81_640.jpg","url":"https:\/\/www.saneko.cz\/wp-content\/uploads\/kitchen-g9b3dabd81_640.jpg","height":0,"width":0},"wordCount":529,"keywords":null},{"@type":"Article","@id":"https:\/\/www.saneko.cz\/jak-zjistime-co-se-bude-nosit\/","headline":"Jak zjist\u00edme, co se bude nosit?","url":"https:\/\/www.saneko.cz\/jak-zjistime-co-se-bude-nosit\/","datePublished":"2023-02-05","dateModified":"2023-05-05","mainEntityOfPage":"https:\/\/www.saneko.cz\/jak-zjistime-co-se-bude-nosit\/","author":{"@type":"Person","@id":"https:\/\/www.saneko.cz\/author\/#Person","name":"","url":"https:\/\/www.saneko.cz\/author\/","identifier":1,"image":{"@type":"ImageObject","@id":"https:\/\/secure.gravatar.com\/avatar\/a414941ff2b86a79f1a70a433f21d60df00047fefe742a46b6fded139881a475?s=96&d=mm&r=g","url":"https:\/\/secure.gravatar.com\/avatar\/a414941ff2b86a79f1a70a433f21d60df00047fefe742a46b6fded139881a475?s=96&d=mm&r=g","height":96,"width":96}},"publisher":{"@type":"Organization","name":"saneko.cz","logo":{"@type":"ImageObject","@id":"\/logo.png","url":"\/logo.png","width":600,"height":60}},"image":{"@type":"ImageObject","@id":"https:\/\/www.saneko.cz\/wp-content\/uploads\/moda8.png","url":"https:\/\/www.saneko.cz\/wp-content\/uploads\/moda8.png","height":0,"width":0},"wordCount":574,"keywords":null},{"@type":"Article","@id":"https:\/\/www.saneko.cz\/zelezo-je-nutne-pro-nase-telo\/","headline":"\u017delezo-  je nutn\u00e9 pro na\u0161e t\u011blo?","url":"https:\/\/www.saneko.cz\/zelezo-je-nutne-pro-nase-telo\/","datePublished":"2023-01-12","dateModified":"2023-04-25","mainEntityOfPage":"https:\/\/www.saneko.cz\/zelezo-je-nutne-pro-nase-telo\/","author":{"@type":"Person","@id":"https:\/\/www.saneko.cz\/author\/#Person","name":"","url":"https:\/\/www.saneko.cz\/author\/","identifier":1,"image":{"@type":"ImageObject","@id":"https:\/\/secure.gravatar.com\/avatar\/a414941ff2b86a79f1a70a433f21d60df00047fefe742a46b6fded139881a475?s=96&d=mm&r=g","url":"https:\/\/secure.gravatar.com\/avatar\/a414941ff2b86a79f1a70a433f21d60df00047fefe742a46b6fded139881a475?s=96&d=mm&r=g","height":96,"width":96}},"publisher":{"@type":"Organization","name":"saneko.cz","logo":{"@type":"ImageObject","@id":"\/logo.png","url":"\/logo.png","width":600,"height":60}},"image":{"@type":"ImageObject","@id":"https:\/\/www.saneko.cz\/wp-content\/uploads\/Opera%20Sn%C3%ADmek_2023-04-03_103030_www.google.com.png","url":"https:\/\/www.saneko.cz\/wp-content\/uploads\/Opera%20Sn%C3%ADmek_2023-04-03_103030_www.google.com.png","height":0,"width":0},"wordCount":527,"keywords":null},{"@type":"Article","@id":"https:\/\/www.saneko.cz\/vecer-plny-touhy\/","headline":"Ve\u010der pln\u00fd touhy","url":"https:\/\/www.saneko.cz\/vecer-plny-touhy\/","datePublished":"2023-01-10","dateModified":"2023-07-10","mainEntityOfPage":"https:\/\/www.saneko.cz\/vecer-plny-touhy\/","author":{"@type":"Person","@id":"https:\/\/www.saneko.cz\/author\/#Person","name":"","url":"https:\/\/www.saneko.cz\/author\/","identifier":1,"image":{"@type":"ImageObject","@id":"https:\/\/secure.gravatar.com\/avatar\/a414941ff2b86a79f1a70a433f21d60df00047fefe742a46b6fded139881a475?s=96&d=mm&r=g","url":"https:\/\/secure.gravatar.com\/avatar\/a414941ff2b86a79f1a70a433f21d60df00047fefe742a46b6fded139881a475?s=96&d=mm&r=g","height":96,"width":96}},"publisher":{"@type":"Organization","name":"saneko.cz","logo":{"@type":"ImageObject","@id":"\/logo.png","url":"\/logo.png","width":600,"height":60}},"image":{"@type":"ImageObject","@id":"https:\/\/www.saneko.cz\/wp-content\/uploads\/woman-5706482_640_1.jpg","url":"https:\/\/www.saneko.cz\/wp-content\/uploads\/woman-5706482_640_1.jpg","height":0,"width":0},"wordCount":505,"keywords":null},{"@type":"Article","@id":"https:\/\/www.saneko.cz\/aby-vase-stehovani-v-praze-probehlo-v-poklidu\/","headline":"Aby va\u0161e st\u011bhov\u00e1n\u00ed v Praze prob\u011bhlo v poklidu","url":"https:\/\/www.saneko.cz\/aby-vase-stehovani-v-praze-probehlo-v-poklidu\/","datePublished":"2023-01-10","dateModified":"2023-01-10","mainEntityOfPage":"https:\/\/www.saneko.cz\/aby-vase-stehovani-v-praze-probehlo-v-poklidu\/","author":{"@type":"Person","@id":"https:\/\/www.saneko.cz\/author\/#Person","name":"","url":"https:\/\/www.saneko.cz\/author\/","identifier":1,"image":{"@type":"ImageObject","@id":"https:\/\/secure.gravatar.com\/avatar\/a414941ff2b86a79f1a70a433f21d60df00047fefe742a46b6fded139881a475?s=96&d=mm&r=g","url":"https:\/\/secure.gravatar.com\/avatar\/a414941ff2b86a79f1a70a433f21d60df00047fefe742a46b6fded139881a475?s=96&d=mm&r=g","height":96,"width":96}},"publisher":{"@type":"Organization","name":"saneko.cz","logo":{"@type":"ImageObject","@id":"\/logo.png","url":"\/logo.png","width":600,"height":60}},"image":{"@type":"ImageObject","@id":"https:\/\/www.saneko.cz\/wp-content\/uploads\/box-1536798_640_3.png","url":"https:\/\/www.saneko.cz\/wp-content\/uploads\/box-1536798_640_3.png","height":0,"width":0},"wordCount":554,"keywords":null},{"@type":"Article","@id":"https:\/\/www.saneko.cz\/na-zdravi\/","headline":"Na zdrav\u00ed!","url":"https:\/\/www.saneko.cz\/na-zdravi\/","datePublished":"2022-12-25","dateModified":"2023-05-31","mainEntityOfPage":"https:\/\/www.saneko.cz\/na-zdravi\/","author":{"@type":"Person","@id":"https:\/\/www.saneko.cz\/author\/#Person","name":"","url":"https:\/\/www.saneko.cz\/author\/","identifier":1,"image":{"@type":"ImageObject","@id":"https:\/\/secure.gravatar.com\/avatar\/a414941ff2b86a79f1a70a433f21d60df00047fefe742a46b6fded139881a475?s=96&d=mm&r=g","url":"https:\/\/secure.gravatar.com\/avatar\/a414941ff2b86a79f1a70a433f21d60df00047fefe742a46b6fded139881a475?s=96&d=mm&r=g","height":96,"width":96}},"publisher":{"@type":"Organization","name":"saneko.cz","logo":{"@type":"ImageObject","@id":"\/logo.png","url":"\/logo.png","width":600,"height":60}},"image":{"@type":"ImageObject","@id":"https:\/\/www.saneko.cz\/wp-content\/uploads\/pexels-luis-quintero-2339722.jpg","url":"https:\/\/www.saneko.cz\/wp-content\/uploads\/pexels-luis-quintero-2339722.jpg","height":0,"width":0},"wordCount":448,"keywords":null},{"@type":"Article","@id":"https:\/\/www.saneko.cz\/vse-se-dnes-da-a-to-i-snizit-ph-v-bazenu\/","headline":"V\u0161e se dnes d\u00e1 a to i sn\u00ed\u017eit pH v baz\u00e9nu","url":"https:\/\/www.saneko.cz\/vse-se-dnes-da-a-to-i-snizit-ph-v-bazenu\/","datePublished":"2022-12-24","dateModified":"2023-04-25","mainEntityOfPage":"https:\/\/www.saneko.cz\/vse-se-dnes-da-a-to-i-snizit-ph-v-bazenu\/","author":{"@type":"Person","@id":"https:\/\/www.saneko.cz\/author\/#Person","name":"","url":"https:\/\/www.saneko.cz\/author\/","identifier":1,"image":{"@type":"ImageObject","@id":"https:\/\/secure.gravatar.com\/avatar\/a414941ff2b86a79f1a70a433f21d60df00047fefe742a46b6fded139881a475?s=96&d=mm&r=g","url":"https:\/\/secure.gravatar.com\/avatar\/a414941ff2b86a79f1a70a433f21d60df00047fefe742a46b6fded139881a475?s=96&d=mm&r=g","height":96,"width":96}},"publisher":{"@type":"Organization","name":"saneko.cz","logo":{"@type":"ImageObject","@id":"\/logo.png","url":"\/logo.png","width":600,"height":60}},"image":{"@type":"ImageObject","@id":"https:\/\/www.saneko.cz\/wp-content\/uploads\/vod_10.JPG","url":"https:\/\/www.saneko.cz\/wp-content\/uploads\/vod_10.JPG","height":0,"width":0},"wordCount":626,"keywords":null}]},{"@context":"https:\/\/schema.org","@type":"WebSite","@id":"https:\/\/www.saneko.cz\/#website","name":"Saneko","url":"https:\/\/www.saneko.cz","potentialAction":{"@type":"SearchAction","target":"https:\/\/www.saneko.cz\/?s={search_term_string}","query-input":"required name=search_term_string"}}]