[{"@context":"https:\/\/schema.org\/","@type":"Article","@id":"https:\/\/www.saneko.cz\/ucinny-ochrance\/#Article","mainEntityOfPage":"https:\/\/www.saneko.cz\/ucinny-ochrance\/","headline":"\u00da\u010dinn\u00fd ochr\u00e1nce","name":"\u00da\u010dinn\u00fd ochr\u00e1nce","description":"\u00da\u010dinn\u00fdm ochr\u00e1ncem va\u0161eho domu, p\u0159ed hork\u00fdmi slune\u010dn\u00edmi paprsky jsou venkovn\u00ed \u017ealuzie. Jeliko\u017e zachyt\u00ed dopadaj\u00edc\u00ed slun\u00ed\u010dko je\u0161t\u011b p\u0159ed va\u0161imi okny, nepropust\u00ed do interi\u00e9ru tolik tepla. Uvnit\u0159 se budete c\u00edtit mnohem komfortn\u011bji a to i v sou\u010dasn\u00fdch letn\u00edch teplot\u00e1ch. Pamatujte na to, \u017ee jejich interi\u00e9rov\u00e9 proveden\u00ed v\u00e1m pom\u016f\u017ee se st\u00edn\u011bn\u00edm, ale nikdy nevy\u0159e\u0161\u00ed probl\u00e9m s teplem, kter\u00fd&hellip;","datePublished":"2024-12-15","dateModified":"2024-12-15","author":{"@type":"Person","@id":"https:\/\/www.saneko.cz\/author\/#Person","name":"","url":"https:\/\/www.saneko.cz\/author\/","identifier":1,"image":{"@type":"ImageObject","@id":"https:\/\/secure.gravatar.com\/avatar\/a414941ff2b86a79f1a70a433f21d60df00047fefe742a46b6fded139881a475?s=96&d=mm&r=g","url":"https:\/\/secure.gravatar.com\/avatar\/a414941ff2b86a79f1a70a433f21d60df00047fefe742a46b6fded139881a475?s=96&d=mm&r=g","height":96,"width":96}},"publisher":{"@type":"Organization","name":"saneko.cz","logo":{"@type":"ImageObject","@id":"\/logo.png","url":"\/logo.png","width":600,"height":60}},"url":"https:\/\/www.saneko.cz\/ucinny-ochrance\/","wordCount":171,"articleBody":"\u00da\u010dinn\u00fdm ochr\u00e1ncem va\u0161eho domu, p\u0159ed hork\u00fdmi slune\u010dn\u00edmi paprsky jsou venkovn\u00ed \u017ealuzie. Jeliko\u017e zachyt\u00ed dopadaj\u00edc\u00ed slun\u00ed\u010dko je\u0161t\u011b p\u0159ed va\u0161imi okny, nepropust\u00ed do interi\u00e9ru tolik tepla. Uvnit\u0159 se budete c\u00edtit mnohem komfortn\u011bji a to i v sou\u010dasn\u00fdch letn\u00edch teplot\u00e1ch. Pamatujte na to, \u017ee jejich interi\u00e9rov\u00e9 proveden\u00ed v\u00e1m pom\u016f\u017ee se st\u00edn\u011bn\u00edm, ale nikdy nevy\u0159e\u0161\u00ed probl\u00e9m s teplem, kter\u00fd pronik\u00e1 dovnit\u0159 va\u0161\u00ed dom\u00e1cnosti. Dejte jim i vy sv\u016fj hlas a po\u0159i\u010fte si je je\u0161t\u011b tento rok! Rok od roku obl\u00edben\u011bj\u0161\u00ed Takov\u00e9 jsou venkovn\u00ed \u017ealuzie. U\u017e je nev\u00edd\u00e1me pouze na komer\u010dn\u00edch budov\u00e1ch, staly se i b\u011b\u017enou sou\u010d\u00e1st\u00ed rodinn\u00fdch dom\u016f. A to p\u0159edev\u0161\u00edm d\u00edky v\u00fdhod\u00e1m, kter\u00e9 z\u00edsk\u00e1te jejich po\u0159\u00edzen\u00edm. Ochr\u00e1n\u00ed v\u00e1s nejen p\u0159ed sluncem, ale i p\u0159ed hlukem z va\u0161eho okol\u00ed!                                                                                                                                                                                                                                                                                                                                                                                                "},{"@context":"https:\/\/schema.org\/","@type":"BreadcrumbList","itemListElement":[{"@type":"ListItem","position":1,"name":"\u00da\u010dinn\u00fd ochr\u00e1nce","item":"https:\/\/www.saneko.cz\/ucinny-ochrance\/#breadcrumbitem"}]}]