[{"@context":"https:\/\/schema.org\/","@type":"Article","@id":"https:\/\/www.saneko.cz\/uzijte-si-dovolenou-plnymi-dousky\/#Article","mainEntityOfPage":"https:\/\/www.saneko.cz\/uzijte-si-dovolenou-plnymi-dousky\/","headline":"U\u017eijte si dovolenou pln\u00fdmi dou\u0161ky","name":"U\u017eijte si dovolenou pln\u00fdmi dou\u0161ky","description":"U\u017e jste byli na letn\u00ed dovolen\u00e9 nebo j\u00ed teprve pl\u00e1nujete? Pokud j\u00ed m\u00e1te teprve p\u0159ed sebou a je\u0161t\u011b nev\u00edte, kam letos vyraz\u00edte, poj\u010fte na\u010derpat inspiraci v na\u0161em \u010dl\u00e1nku. T\u0159eba V\u00e1m zrovna n\u00e1\u0161 tip k\u00e1pne do noty a budete z m\u00edsta nad\u0161en\u00ed. Pokud m\u00e1te r\u00e1di \u010cesko, tak tu s n\u00e1mi z\u016fsta\u0148te, proto\u017ee my jsme objevili moc&hellip;","datePublished":"2023-06-21","dateModified":"2023-07-24","author":{"@type":"Person","@id":"https:\/\/www.saneko.cz\/author\/#Person","name":"","url":"https:\/\/www.saneko.cz\/author\/","identifier":1,"image":{"@type":"ImageObject","@id":"https:\/\/secure.gravatar.com\/avatar\/a414941ff2b86a79f1a70a433f21d60df00047fefe742a46b6fded139881a475?s=96&d=mm&r=g","url":"https:\/\/secure.gravatar.com\/avatar\/a414941ff2b86a79f1a70a433f21d60df00047fefe742a46b6fded139881a475?s=96&d=mm&r=g","height":96,"width":96}},"publisher":{"@type":"Organization","name":"saneko.cz","logo":{"@type":"ImageObject","@id":"\/logo.png","url":"\/logo.png","width":600,"height":60}},"image":{"@type":"ImageObject","@id":"https:\/\/www.saneko.cz\/wp-content\/uploads\/unnamed_5.jpg","url":"https:\/\/www.saneko.cz\/wp-content\/uploads\/unnamed_5.jpg","height":0,"width":0},"url":"https:\/\/www.saneko.cz\/uzijte-si-dovolenou-plnymi-dousky\/","about":["Business"],"wordCount":426,"articleBody":"   U\u017e jste byli na letn\u00ed dovolen\u00e9 nebo j\u00ed teprve pl\u00e1nujete? Pokud j\u00ed m\u00e1te teprve p\u0159ed sebou a je\u0161t\u011b nev\u00edte, kam letos vyraz\u00edte, poj\u010fte na\u010derpat inspiraci v na\u0161em \u010dl\u00e1nku. T\u0159eba V\u00e1m zrovna n\u00e1\u0161 tip k\u00e1pne do noty a budete z m\u00edsta nad\u0161en\u00ed. Pokud m\u00e1te r\u00e1di \u010cesko, tak tu s n\u00e1mi z\u016fsta\u0148te, proto\u017ee my jsme objevili moc kr\u00e1sn\u00e9 m\u00edsto, kde se d\u00e1 u\u017e\u00edt skv\u011bl\u00e1 dovolen\u00e1. Co \u0159\u00edk\u00e1te na Jesen\u00edky? U\u017e jste tam n\u011bkdy byli? Tohle m\u00edsto je prost\u011b kouzeln\u00e9. Severn\u00ed Morava je srdcovkou pro spoustu turist\u016f. P\u0159\u00edroda je tam fascinuj\u00edc\u00ed, jako v poh\u00e1dce. Je tam spousta zaj\u00edmav\u00fdch m\u00edst, kter\u00e9 se daj\u00ed nav\u0161t\u00edvit, nudit se tam nen\u00ed prost\u011b \u0161ance.Nav\u00edc \u010derstv\u00fd vzduch ud\u011bl\u00e1 dob\u0159e ka\u017ed\u00e9mu, hlavn\u011b d\u011btem. Chcete mrknout na n\u011bjak\u00e9 ubytov\u00e1n\u00ed v Jesen\u00edk\u00e1ch v apartm\u00e1nech https:\/\/apartmanymax.cz\/ubytovani\/\u00ad? Tohle je dobr\u00e1 volba, nav\u00edc nemus\u00edte se ubytovat nutn\u011b v l\u00e9t\u011b, jde to i v zimn\u00edm obdob\u00ed. Z\u00e1le\u017e\u00ed na V\u00e1s, zda m\u00e1te rad\u011bji letn\u00ed nebo zimn\u00ed dovolenou. Nebo oboje? Jesen\u00edky maj\u00ed sv\u00e9 kouzlo ve v\u0161ech ro\u010dn\u00edch obdob\u00edch, jen poka\u017ed\u00e9 tro\u0161ku jinak. A to je to, co m\u011b l\u00e1k\u00e1, vyrazit tam klidn\u011b dvakr\u00e1t ro\u010dn\u011b. Ubytov\u00e1n\u00ed v Jesen\u00edk\u00e1ch v kr\u00e1sn\u00e9m modern\u00edm domku s vlastn\u00edm vstupem a terasou je l\u00e1kav\u00e1 nab\u00eddka.Je tam v\u0161e, co \u010dlov\u011bk pot\u0159ebuje na dovolen\u00e9 pro sv\u016fj komfort. Kde se nach\u00e1z\u00ed takov\u00e9 ubytov\u00e1n\u00ed? P\u0159\u00edmo v Horn\u00edm V\u00e1clavov\u011b. Je to rekrea\u010dn\u00ed oblast. Naleznete zde spoustu v\u011bc\u00ed, kter\u00e9 V\u00e1s nadchnou. Na zahrad\u011b domku jsou V\u00e1m k dispozici n\u011bkter\u00e9 druhy ovoce p\u0159\u00edmo k natrh\u00e1n\u00ed a pro d\u011bti d\u011btsk\u00e9 h\u0159i\u0161t\u011b. Odd\u00e1vat se m\u016f\u017eete klidn\u011b i grilov\u00e1n\u00ed a \u00faschovna pro Va\u0161e kola a ly\u017ee tam tak\u00e9 je. Dle recenz\u00ed je to velice obl\u00edben\u00e9 ubytovac\u00ed m\u00edsto. Tak pokud jsme se V\u00e1m trefili do vkusu, tak nev\u00e1hejte a zarezervujte si skv\u011bl\u00e9 ubytov\u00e1n\u00ed, a\u0165 V\u00e1m neute\u010de ve Va\u0161em term\u00ednu, kter\u00fd V\u00e1m bude vyhovovat. A pak u\u017e se jen m\u016f\u017eete t\u011b\u0161it na skv\u011bl\u00e9 z\u00e1\u017eitky, kter\u00e9 pro\u017eijete s rodinou \u010di p\u0159\u00e1teli.                                                                                                                                                                                                                                                                                                                                                                                                  "},{"@context":"https:\/\/schema.org\/","@type":"BreadcrumbList","itemListElement":[{"@type":"ListItem","position":1,"name":"U\u017eijte si dovolenou pln\u00fdmi dou\u0161ky","item":"https:\/\/www.saneko.cz\/uzijte-si-dovolenou-plnymi-dousky\/#breadcrumbitem"}]}]